{"id":195,"date":"2026-07-29T16:15:20","date_gmt":"2026-07-29T16:15:20","guid":{"rendered":"https:\/\/futurnat.net\/?p=195"},"modified":"2026-07-29T16:15:21","modified_gmt":"2026-07-29T16:15:21","slug":"la-fotografia-en-entornos-acuaticos","status":"publish","type":"post","link":"https:\/\/futurnat.net\/ca\/2026\/07\/29\/la-fotografia-en-entornos-acuaticos\/","title":{"rendered":"La fotograf\u00eda en entornos acu\u00e1ticos"},"content":{"rendered":"\n<h2 class=\"wp-block-heading\"><strong>Seminario Pr\u00e1cticas contempor\u00e1neas de la fotograf\u00eda en entornos acu\u00e1ticos\u00a0<\/strong><\/h2>\n\n\n\n<figure class=\"wp-block-image size-full\"><img loading=\"lazy\" decoding=\"async\" width=\"516\" height=\"328\" src=\"https:\/\/futurnat.net\/wp-content\/uploads\/sites\/74\/2026\/07\/submarina.jpg\" alt=\"Foto submarina de Toni Forqu\u00e9s donde se ve un hombre biceando y unos peces y fondo marino\" class=\"wp-image-196\" srcset=\"https:\/\/futurnat.net\/wp-content\/uploads\/sites\/74\/2026\/07\/submarina.jpg 516w, https:\/\/futurnat.net\/wp-content\/uploads\/sites\/74\/2026\/07\/submarina-300x191.jpg 300w\" sizes=\"auto, (max-width: 516px) 100vw, 516px\" \/><\/figure>\n\n\n\n<p class=\"wp-block-paragraph\">El martes 5 de mayo tuvo lugar en la Universitat Polit\u00e8cnica de Val\u00e8ncia el seminario\u00a0<em>Pr\u00e1cticas contempor\u00e1neas de la fotograf\u00eda en entornos acu\u00e1ticos<\/em>, impartido por el\u00a0 fot\u00f3grafo Toni Forqu\u00e9s y la fot\u00f3grafa e investigadora del proyecto FUTURNAT Sandra Martorell.\u00a0<\/p>\n\n\n\n<p class=\"wp-block-paragraph\">En \u00e9l se propuso una aproximaci\u00f3n a la fotograf\u00eda en entornos acu\u00e1ticos desde una&nbsp; perspectiva contempor\u00e1nea, abordando la relaci\u00f3n entre imagen, cuerpo y medio en&nbsp; contextos marcados por el movimiento, la inestabilidad y la luz cambiante. A partir de su&nbsp; experiencia profesional en la cobertura de deportes y eventos vinculados al agua,&nbsp; Forqu\u00e9s comparti\u00f3 distintas estrategias visuales, t\u00e9cnicas y narrativas que permitieron&nbsp; construir im\u00e1genes en situaciones donde el control se negociaba constantemente con el&nbsp; entorno.&nbsp;<\/p>\n\n\n\n<figure class=\"wp-block-image\"><img decoding=\"async\" src=\"https:\/\/www.mediaccions.net\/wp-content\/uploads\/sites\/15\/image-3.png\" alt=\"Toni Forqu\u00e9s presentando su seminario\" class=\"wp-image-2764\" \/><\/figure>\n\n\n\n<p class=\"wp-block-paragraph\">M\u00e1s all\u00e1 de su dimensi\u00f3n documental, la sesi\u00f3n abri\u00f3 una reflexi\u00f3n sobre c\u00f3mo la pr\u00e1ctica&nbsp; fotogr\u00e1fica implicaba tambi\u00e9n una forma de aproximaci\u00f3n al medio natural. La&nbsp; observaci\u00f3n, la adaptaci\u00f3n a las condiciones del entorno y la atenci\u00f3n a aquello que&nbsp; suced\u00eda en el paisaje acu\u00e1tico se plantearon como aspectos fundamentales dentro del&nbsp; proceso de creaci\u00f3n de im\u00e1genes. En este sentido, la fotograf\u00eda no se entendi\u00f3&nbsp; \u00fanicamente como una herramienta de registro, sino tambi\u00e9n como una forma de relaci\u00f3n&nbsp; con el entorno, capaz de generar determinadas sensibilidades y maneras de mirar.<\/p>\n\n\n\n<figure class=\"wp-block-image\"><img decoding=\"async\" src=\"https:\/\/www.mediaccions.net\/wp-content\/uploads\/sites\/15\/image-4.png\" alt=\"Toni Forqu\u00e9s presentando su seminario\" class=\"wp-image-2766\" \/><\/figure>\n\n\n\n<p class=\"wp-block-paragraph\">Se abordaron cuestiones vinculadas a la representaci\u00f3n del ecosistema, la&nbsp; espectacularidad y la construcci\u00f3n de imaginarios en torno a los espacios acu\u00e1ticos en la&nbsp; cultura visual contempor\u00e1nea, reflexionando tambi\u00e9n sobre qu\u00e9 tipo de im\u00e1genes&nbsp; producimos y qu\u00e9 queremos transmitir a trav\u00e9s de ellas.&nbsp;<\/p>\n\n\n\n<p class=\"wp-block-paragraph\">La actividad gener\u00f3 un espacio de di\u00e1logo permitiendo conectar la pr\u00e1ctica profesional&nbsp; con debates contempor\u00e1neos sobre imagen, naturaleza y cultura visual.<\/p>\n\n\n\n<p class=\"wp-block-paragraph\">Foto portada by&nbsp;<a href=\"https:\/\/www.instagram.com\/toniforques\/#\">toniforques<\/a><\/p>\n","protected":false},"excerpt":{"rendered":"<p>Seminario Pr\u00e1cticas contempor\u00e1neas de la fotograf\u00eda en entornos acu\u00e1ticos\u00a0 El martes 5 de mayo tuvo lugar en la Universitat Polit\u00e8cnica [&hellip;]<\/p>\n","protected":false},"author":11,"featured_media":196,"comment_status":"open","ping_status":"open","sticky":false,"template":"","format":"standard","meta":{"site-sidebar-layout":"default","site-content-layout":"","ast-site-content-layout":"default","site-content-style":"default","site-sidebar-style":"default","ast-global-header-display":"","ast-banner-title-visibility":"","ast-main-header-display":"","ast-hfb-above-header-display":"","ast-hfb-below-header-display":"","ast-hfb-mobile-header-display":"","site-post-title":"","ast-breadcrumbs-content":"","ast-featured-img":"","footer-sml-layout":"","ast-disable-related-posts":"","theme-transparent-header-meta":"","adv-header-id-meta":"","stick-header-meta":"","header-above-stick-meta":"","header-main-stick-meta":"","header-below-stick-meta":"","astra-migrate-meta-layouts":"default","ast-page-background-enabled":"default","ast-page-background-meta":{"desktop":{"background-color":"var(--ast-global-color-5)","background-image":"","background-repeat":"repeat","background-position":"center center","background-size":"auto","background-attachment":"scroll","background-type":"","background-media":"","overlay-type":"","overlay-color":"","overlay-opacity":"","overlay-gradient":""},"tablet":{"background-color":"","background-image":"","background-repeat":"repeat","background-position":"center center","background-size":"auto","background-attachment":"scroll","background-type":"","background-media":"","overlay-type":"","overlay-color":"","overlay-opacity":"","overlay-gradient":""},"mobile":{"background-color":"","background-image":"","background-repeat":"repeat","background-position":"center center","background-size":"auto","background-attachment":"scroll","background-type":"","background-media":"","overlay-type":"","overlay-color":"","overlay-opacity":"","overlay-gradient":""}},"ast-content-background-meta":{"desktop":{"background-color":"var(--ast-global-color-4)","background-image":"","background-repeat":"repeat","background-position":"center center","background-size":"auto","background-attachment":"scroll","background-type":"","background-media":"","overlay-type":"","overlay-color":"","overlay-opacity":"","overlay-gradient":""},"tablet":{"background-color":"var(--ast-global-color-4)","background-image":"","background-repeat":"repeat","background-position":"center center","background-size":"auto","background-attachment":"scroll","background-type":"","background-media":"","overlay-type":"","overlay-color":"","overlay-opacity":"","overlay-gradient":""},"mobile":{"background-color":"var(--ast-global-color-4)","background-image":"","background-repeat":"repeat","background-position":"center center","background-size":"auto","background-attachment":"scroll","background-type":"","background-media":"","overlay-type":"","overlay-color":"","overlay-opacity":"","overlay-gradient":""}},"footnotes":""},"categories":[11],"tags":[],"class_list":["post-195","post","type-post","status-publish","format-standard","has-post-thumbnail","hentry","category-seminarios"],"_links":{"self":[{"href":"https:\/\/futurnat.net\/ca\/wp-json\/wp\/v2\/posts\/195","targetHints":{"allow":["GET"]}}],"collection":[{"href":"https:\/\/futurnat.net\/ca\/wp-json\/wp\/v2\/posts"}],"about":[{"href":"https:\/\/futurnat.net\/ca\/wp-json\/wp\/v2\/types\/post"}],"author":[{"embeddable":true,"href":"https:\/\/futurnat.net\/ca\/wp-json\/wp\/v2\/users\/11"}],"replies":[{"embeddable":true,"href":"https:\/\/futurnat.net\/ca\/wp-json\/wp\/v2\/comments?post=195"}],"version-history":[{"count":1,"href":"https:\/\/futurnat.net\/ca\/wp-json\/wp\/v2\/posts\/195\/revisions"}],"predecessor-version":[{"id":197,"href":"https:\/\/futurnat.net\/ca\/wp-json\/wp\/v2\/posts\/195\/revisions\/197"}],"wp:featuredmedia":[{"embeddable":true,"href":"https:\/\/futurnat.net\/ca\/wp-json\/wp\/v2\/media\/196"}],"wp:attachment":[{"href":"https:\/\/futurnat.net\/ca\/wp-json\/wp\/v2\/media?parent=195"}],"wp:term":[{"taxonomy":"category","embeddable":true,"href":"https:\/\/futurnat.net\/ca\/wp-json\/wp\/v2\/categories?post=195"},{"taxonomy":"post_tag","embeddable":true,"href":"https:\/\/futurnat.net\/ca\/wp-json\/wp\/v2\/tags?post=195"}],"curies":[{"name":"wp","href":"https:\/\/api.w.org\/{rel}","templated":true}]}}