{"id":177,"date":"2026-07-29T15:55:55","date_gmt":"2026-07-29T15:55:55","guid":{"rendered":"https:\/\/futurnat.net\/?p=177"},"modified":"2026-07-29T15:55:56","modified_gmt":"2026-07-29T15:55:56","slug":"seminario-anabela-carvalho","status":"publish","type":"post","link":"https:\/\/futurnat.net\/ca\/2026\/07\/29\/seminario-anabela-carvalho\/","title":{"rendered":"Seminario: Anabela Carvalho"},"content":{"rendered":"\n<h2 class=\"wp-block-heading\">Climate Futures and Just Transformations: Young People\u2019s Narratives and Political Imaginaries<\/h2>\n\n\n\n<figure class=\"wp-block-image size-large is-resized\"><img loading=\"lazy\" decoding=\"async\" width=\"809\" height=\"1024\" src=\"https:\/\/futurnat.net\/wp-content\/uploads\/sites\/74\/2026\/07\/carvalho-sem-809x1024.jpg\" alt=\"Pantalla y ordenador durante el seminario con Anabela Carvalho\" class=\"wp-image-178\" style=\"aspect-ratio:0.7900454276120877;width:421px;height:auto\" srcset=\"https:\/\/futurnat.net\/wp-content\/uploads\/sites\/74\/2026\/07\/carvalho-sem-809x1024.jpg 809w, https:\/\/futurnat.net\/wp-content\/uploads\/sites\/74\/2026\/07\/carvalho-sem-237x300.jpg 237w, https:\/\/futurnat.net\/wp-content\/uploads\/sites\/74\/2026\/07\/carvalho-sem-768x972.jpg 768w, https:\/\/futurnat.net\/wp-content\/uploads\/sites\/74\/2026\/07\/carvalho-sem.jpg 924w\" sizes=\"auto, (max-width: 809px) 100vw, 809px\" \/><\/figure>\n\n\n\n<p class=\"wp-block-paragraph\">El 26 de marzo 2026 tuvimos una conversaci\u00f3n con Anabela Carvalho, miembro de nuestro Comit\u00e9 Asesor, sobre su proyecto&nbsp;<strong><a href=\"https:\/\/justfutures.pt\/en\/home-en\/\">Climate Futures and Just Transformations: Young People\u2019s Narratives and Political Imaginaries<\/a><\/strong><\/p>\n\n\n\n<p class=\"wp-block-paragraph\">Anabela Carvalho (PhD, University College London) es Profesora Asociada en el Departamento de Ciencias de la Comunicaci\u00f3n de la Universidad de Minho, Portugal y tiene una amplia experiencia en investigaci\u00f3n sobre comunicaci\u00f3n del cambio clim\u00e1tico. La implicaci\u00f3n ciudadana con el cambio clim\u00e1tico y la (bio)sostenibilidad, y especialmente las condiciones para la participaci\u00f3n pol\u00edtica, han sido sus principales intereses de investigaci\u00f3n en los \u00faltimos a\u00f1os.<br><br>Nos explic\u00f3 que cuando realiz\u00f3 el proyecto hab\u00eda un fuerte movimiento juvenil (2019-2024) que parece que ha ido en descenso desde la pandemia. Le interesaba estudiar los \u201cimaginarios politicos\u201d (Machin, 2022) porque no implica solo los discursos verbales, sino tambi\u00e9n las emociones y los v\u00ednculos afectivos. En pol\u00edtica, el imaginario hegem\u00f3nico coincide con el neoliberalismo, siendo este muy estable y dif\u00edcil de conmover hacia otras constelaciones posibles. El proyecto es inspirador porque combina distintas metodolog\u00edas cualitativas y cartogr\u00e1ficas, y tambi\u00e9n talleres participativos en los que activistas medioambientales colaboran con j\u00f3venes de centros escolares en barrios perif\u00e9ricos sin una clara orientaci\u00f3n pol\u00edtica o medioambiental.<\/p>\n\n\n\n<p class=\"wp-block-paragraph\">Cit\u00f3 la obra pionera de Lesly Green (2013).&nbsp;<a href=\"http:\/\/green,%20l.%20(ed).%20(2013)%20contested%20ecologies:%20dialogues%20in%20the%20south%20on%20nature%20and%20knowledge.%20cape%20town:%20hsrc%20press.%20http\/\/hdl.handle.net\/20.500.11910\/2925\">Contested ecologies: Nature and knowledge<\/a>.&nbsp;En la cual nos habla de disputas sobre entornos en los que entran en juego distintas versiones de la naturaleza. El objetivo es explorar las posibilidades de ambientalidades heterodoxas que no encuentran f\u00e1cilmente recepci\u00f3n en foros donde la gesti\u00f3n ecol\u00f3gica se limita a una \u00fanica versi\u00f3n de \u201cnaturaleza\u201d. En muchos de estos contextos, las ambientalidades alternativas acaban siendo explicadas como cultura o creencia. La comprensiones cient\u00edficas de la naturaleza informan la gobernanza y las pol\u00edticas, pero se da un estatus \u201cinferior\u201d a estos otros modelos \u201cno cient\u00edficos\u201d.<\/p>\n\n\n\n<p class=\"wp-block-paragraph\">Tambien hablamos del interesante proyecto europeo HORIZON de Julia Bentz&nbsp;<a href=\"https:\/\/shift-cost.eu\/the-project\/\">SHIFT<\/a>&nbsp;<a href=\"https:\/\/shift-cost.eu\/the-project\/\">How can we imagine a sustainable future?<\/a>&nbsp;y el nuevo libro de Anabela y equipo Action-Oriented Education, relacionado con su art\u00edculo&nbsp;<a href=\"https:\/\/justfutures.pt\/en\/published-article-engaging-young-people-with-alternative-climate-futures-cultivating-political-imagination-through-participatory-methodologies\/\">Published article: \u201cEngaging young people with alternative climate futures: cultivating political imagination through participatory methodologies\u201d<\/a>.<\/p>\n\n\n\n<p class=\"wp-block-paragraph\">Quedamos en seguir compartiendo en el futuro \ud83d\ude42<\/p>\n","protected":false},"excerpt":{"rendered":"<p>Climate Futures and Just Transformations: Young People\u2019s Narratives and Political Imaginaries El 26 de marzo 2026 tuvimos una conversaci\u00f3n con [&hellip;]<\/p>\n","protected":false},"author":11,"featured_media":178,"comment_status":"open","ping_status":"open","sticky":false,"template":"","format":"standard","meta":{"site-sidebar-layout":"default","site-content-layout":"","ast-site-content-layout":"default","site-content-style":"default","site-sidebar-style":"default","ast-global-header-display":"","ast-banner-title-visibility":"","ast-main-header-display":"","ast-hfb-above-header-display":"","ast-hfb-below-header-display":"","ast-hfb-mobile-header-display":"","site-post-title":"","ast-breadcrumbs-content":"","ast-featured-img":"","footer-sml-layout":"","ast-disable-related-posts":"","theme-transparent-header-meta":"","adv-header-id-meta":"","stick-header-meta":"","header-above-stick-meta":"","header-main-stick-meta":"","header-below-stick-meta":"","astra-migrate-meta-layouts":"default","ast-page-background-enabled":"default","ast-page-background-meta":{"desktop":{"background-color":"var(--ast-global-color-5)","background-image":"","background-repeat":"repeat","background-position":"center center","background-size":"auto","background-attachment":"scroll","background-type":"","background-media":"","overlay-type":"","overlay-color":"","overlay-opacity":"","overlay-gradient":""},"tablet":{"background-color":"","background-image":"","background-repeat":"repeat","background-position":"center center","background-size":"auto","background-attachment":"scroll","background-type":"","background-media":"","overlay-type":"","overlay-color":"","overlay-opacity":"","overlay-gradient":""},"mobile":{"background-color":"","background-image":"","background-repeat":"repeat","background-position":"center center","background-size":"auto","background-attachment":"scroll","background-type":"","background-media":"","overlay-type":"","overlay-color":"","overlay-opacity":"","overlay-gradient":""}},"ast-content-background-meta":{"desktop":{"background-color":"var(--ast-global-color-4)","background-image":"","background-repeat":"repeat","background-position":"center center","background-size":"auto","background-attachment":"scroll","background-type":"","background-media":"","overlay-type":"","overlay-color":"","overlay-opacity":"","overlay-gradient":""},"tablet":{"background-color":"var(--ast-global-color-4)","background-image":"","background-repeat":"repeat","background-position":"center center","background-size":"auto","background-attachment":"scroll","background-type":"","background-media":"","overlay-type":"","overlay-color":"","overlay-opacity":"","overlay-gradient":""},"mobile":{"background-color":"var(--ast-global-color-4)","background-image":"","background-repeat":"repeat","background-position":"center center","background-size":"auto","background-attachment":"scroll","background-type":"","background-media":"","overlay-type":"","overlay-color":"","overlay-opacity":"","overlay-gradient":""}},"footnotes":""},"categories":[11],"tags":[],"class_list":["post-177","post","type-post","status-publish","format-standard","has-post-thumbnail","hentry","category-seminarios"],"_links":{"self":[{"href":"https:\/\/futurnat.net\/ca\/wp-json\/wp\/v2\/posts\/177","targetHints":{"allow":["GET"]}}],"collection":[{"href":"https:\/\/futurnat.net\/ca\/wp-json\/wp\/v2\/posts"}],"about":[{"href":"https:\/\/futurnat.net\/ca\/wp-json\/wp\/v2\/types\/post"}],"author":[{"embeddable":true,"href":"https:\/\/futurnat.net\/ca\/wp-json\/wp\/v2\/users\/11"}],"replies":[{"embeddable":true,"href":"https:\/\/futurnat.net\/ca\/wp-json\/wp\/v2\/comments?post=177"}],"version-history":[{"count":1,"href":"https:\/\/futurnat.net\/ca\/wp-json\/wp\/v2\/posts\/177\/revisions"}],"predecessor-version":[{"id":179,"href":"https:\/\/futurnat.net\/ca\/wp-json\/wp\/v2\/posts\/177\/revisions\/179"}],"wp:featuredmedia":[{"embeddable":true,"href":"https:\/\/futurnat.net\/ca\/wp-json\/wp\/v2\/media\/178"}],"wp:attachment":[{"href":"https:\/\/futurnat.net\/ca\/wp-json\/wp\/v2\/media?parent=177"}],"wp:term":[{"taxonomy":"category","embeddable":true,"href":"https:\/\/futurnat.net\/ca\/wp-json\/wp\/v2\/categories?post=177"},{"taxonomy":"post_tag","embeddable":true,"href":"https:\/\/futurnat.net\/ca\/wp-json\/wp\/v2\/tags?post=177"}],"curies":[{"name":"wp","href":"https:\/\/api.w.org\/{rel}","templated":true}]}}