{"id":169,"date":"2026-07-29T15:47:51","date_gmt":"2026-07-29T15:47:51","guid":{"rendered":"https:\/\/futurnat.net\/?p=169"},"modified":"2026-07-29T15:49:11","modified_gmt":"2026-07-29T15:49:11","slug":"seminario-naturaleza","status":"publish","type":"post","link":"https:\/\/futurnat.net\/ca\/2026\/07\/29\/seminario-naturaleza\/","title":{"rendered":"Seminario: Naturaleza"},"content":{"rendered":"\n<figure class=\"wp-block-image size-full\"><img loading=\"lazy\" decoding=\"async\" width=\"973\" height=\"450\" src=\"https:\/\/futurnat.net\/wp-content\/uploads\/sites\/74\/2026\/07\/seminari-natures-973x450-1.jpg\" alt=\"Mesa del seminario Naturaleza, con Gemma Orobitg, An\u00edbal G. Arregui y Tom\u00e1s Criado\" class=\"wp-image-170\" srcset=\"https:\/\/futurnat.net\/wp-content\/uploads\/sites\/74\/2026\/07\/seminari-natures-973x450-1.jpg 973w, https:\/\/futurnat.net\/wp-content\/uploads\/sites\/74\/2026\/07\/seminari-natures-973x450-1-300x139.jpg 300w, https:\/\/futurnat.net\/wp-content\/uploads\/sites\/74\/2026\/07\/seminari-natures-973x450-1-768x355.jpg 768w\" sizes=\"auto, (max-width: 973px) 100vw, 973px\" \/><\/figure>\n\n\n\n<p class=\"wp-block-paragraph\">En esta sesi\u00f3n del 22 de enero del proyecto&nbsp;<a href=\"https:\/\/www.google.com\/url?q=http:\/\/evo-proyecto-mediaccions-futurnat\/&#038;sa=D&#038;source=calendar&#038;ust=1769593174023586&#038;usg=AOvVaw1NOH8G0sIQX1H2R5a0Eyyi\" target=\"_blank\" rel=\"noreferrer noopener\">FUTURNAT<\/a>&nbsp;hemos querido discutir nociones alternativas de naturaleza, profundizando el trabajo de diferentes profesionales de la antropolog\u00eda que, inspirades por el giro ontol\u00f3gico, han buscado referentes en otras cosmolog\u00edas no modernas y ecolog\u00edas alternativas.&nbsp;<\/p>\n\n\n\n<p class=\"wp-block-paragraph\">Para ello, hemos tenido el enorme honor para esta sesi\u00f3n de tener como invitados a An\u00edbal G. Arregui y Gemma Orobitg, profesores del Departamento de Antropolog\u00eda de la Universitat de Barcelona, que acaban de sacar una colecci\u00f3n de textos fascinantes para nuestro proyecto, titulada \u201c<a href=\"https:\/\/www.google.com\/url?q=https:\/\/www.culanth.org\/fieldsights\/series\/alterecologias&#038;sa=D&#038;source=calendar&#038;ust=1769593174023586&#038;usg=AOvVaw0CPgA9DIQ9-MZ3YpIDRaOT\" target=\"_blank\" rel=\"noreferrer noopener\">Alterecolog\u00edas<\/a>\u201c, que ha sido uno de los ejes de nuestra discusi\u00f3n, junto con los textos de ambos autores: Arregui, A.G. (2024).&nbsp;<em>Infraespecie<\/em>. Alianza Ed. y Orobitg, G. (2025). Multiplicidades espectrales: Notas sobre enmara\u00f1amientos cosmol\u00f3gicos en la socialidad pum\u00e9.&nbsp;<em>Hojas Especulativas<\/em>, 9-10, 106-121.<\/p>\n\n\n\n<p class=\"wp-block-paragraph\"><strong>Gemma Orobitg Canal<\/strong>, profesora de Antropolog\u00eda Social en la Universidad de Barcelona y doctora por la \u00c9cole des Hautes \u00c9tudes en Sciences Sociales, nos present\u00f3 su trayectoria de investigaci\u00f3n que combina el estudio de las culturas ind\u00edgenas de Am\u00e9rica Latina y la reflexi\u00f3n metodol\u00f3gica, avanzando hacia enfoques multimodales. Nos present\u00f3 la cosmolog\u00eda pum\u00e9 para revisar cr\u00edticamente algunas nociones de la antropolog\u00eda como cuerpo, persona o humanidad, as\u00ed como nos habl\u00f3 sobre sus investigaciones sobre sue\u00f1o y vida on\u00edrica, y sus proyectos sobre comunicaci\u00f3n y creatividad ind\u00edgena frente a crisis ambientales y sanitarias, y el desarrollo de la plataforma multimodal de investigaci\u00f3n colaborativa\u00a0<a href=\"https:\/\/www.google.com\/url?q=https:\/\/mediosindigenas.ub.edu&#038;sa=D&#038;source=calendar&#038;ust=1769593174023586&#038;usg=AOvVaw2KgLnrL9ZxZ5cpR0_CIg7Z\" target=\"_blank\" rel=\"noreferrer noopener\">Medios Ind\u00edgenas Lab<\/a>.<\/p>\n\n\n\n<p class=\"wp-block-paragraph\"><strong>An\u00edbal G. Arregui<\/strong>, profesor de Antropolog\u00eda Social de la Universidad de Barcelona nos habl\u00f3 de su trabajo de campo etnogr\u00e1fico, que abarca desde la Amazonia hasta Europa, y como le permiti\u00f3 la deconstrucci\u00f3n de las taxonom\u00edas como la de \u201cespecie\u201d, proponiendo utilizar el concepto de \u201contogenia\u201d para poder relevar c\u00f3mo \u201chacemos naturaleza\u201d. Su producci\u00f3n cient\u00edfica ha se\u00f1alado los l\u00edmites y sesgos etnoc\u00e9ntricos de conceptos como \u201ctecnolog\u00eda\u201d, \u201cecolog\u00eda\u201d, \u201cespecie\u201d o \u201cinteligencia\u201d, conceptos que propone reexaminar desde una epistemolog\u00eda pluralista.<\/p>\n","protected":false},"excerpt":{"rendered":"<p>En esta sesi\u00f3n del 22 de enero del proyecto&nbsp;FUTURNAT&nbsp;hemos querido discutir nociones alternativas de naturaleza, profundizando el trabajo de diferentes [&hellip;]<\/p>\n","protected":false},"author":11,"featured_media":170,"comment_status":"open","ping_status":"open","sticky":false,"template":"","format":"standard","meta":{"site-sidebar-layout":"default","site-content-layout":"","ast-site-content-layout":"default","site-content-style":"default","site-sidebar-style":"default","ast-global-header-display":"","ast-banner-title-visibility":"","ast-main-header-display":"","ast-hfb-above-header-display":"","ast-hfb-below-header-display":"","ast-hfb-mobile-header-display":"","site-post-title":"","ast-breadcrumbs-content":"","ast-featured-img":"","footer-sml-layout":"","ast-disable-related-posts":"","theme-transparent-header-meta":"","adv-header-id-meta":"","stick-header-meta":"","header-above-stick-meta":"","header-main-stick-meta":"","header-below-stick-meta":"","astra-migrate-meta-layouts":"default","ast-page-background-enabled":"default","ast-page-background-meta":{"desktop":{"background-color":"var(--ast-global-color-5)","background-image":"","background-repeat":"repeat","background-position":"center center","background-size":"auto","background-attachment":"scroll","background-type":"","background-media":"","overlay-type":"","overlay-color":"","overlay-opacity":"","overlay-gradient":""},"tablet":{"background-color":"","background-image":"","background-repeat":"repeat","background-position":"center center","background-size":"auto","background-attachment":"scroll","background-type":"","background-media":"","overlay-type":"","overlay-color":"","overlay-opacity":"","overlay-gradient":""},"mobile":{"background-color":"","background-image":"","background-repeat":"repeat","background-position":"center center","background-size":"auto","background-attachment":"scroll","background-type":"","background-media":"","overlay-type":"","overlay-color":"","overlay-opacity":"","overlay-gradient":""}},"ast-content-background-meta":{"desktop":{"background-color":"var(--ast-global-color-4)","background-image":"","background-repeat":"repeat","background-position":"center center","background-size":"auto","background-attachment":"scroll","background-type":"","background-media":"","overlay-type":"","overlay-color":"","overlay-opacity":"","overlay-gradient":""},"tablet":{"background-color":"var(--ast-global-color-4)","background-image":"","background-repeat":"repeat","background-position":"center center","background-size":"auto","background-attachment":"scroll","background-type":"","background-media":"","overlay-type":"","overlay-color":"","overlay-opacity":"","overlay-gradient":""},"mobile":{"background-color":"var(--ast-global-color-4)","background-image":"","background-repeat":"repeat","background-position":"center center","background-size":"auto","background-attachment":"scroll","background-type":"","background-media":"","overlay-type":"","overlay-color":"","overlay-opacity":"","overlay-gradient":""}},"footnotes":""},"categories":[11],"tags":[],"class_list":["post-169","post","type-post","status-publish","format-standard","has-post-thumbnail","hentry","category-seminarios"],"_links":{"self":[{"href":"https:\/\/futurnat.net\/ca\/wp-json\/wp\/v2\/posts\/169","targetHints":{"allow":["GET"]}}],"collection":[{"href":"https:\/\/futurnat.net\/ca\/wp-json\/wp\/v2\/posts"}],"about":[{"href":"https:\/\/futurnat.net\/ca\/wp-json\/wp\/v2\/types\/post"}],"author":[{"embeddable":true,"href":"https:\/\/futurnat.net\/ca\/wp-json\/wp\/v2\/users\/11"}],"replies":[{"embeddable":true,"href":"https:\/\/futurnat.net\/ca\/wp-json\/wp\/v2\/comments?post=169"}],"version-history":[{"count":2,"href":"https:\/\/futurnat.net\/ca\/wp-json\/wp\/v2\/posts\/169\/revisions"}],"predecessor-version":[{"id":173,"href":"https:\/\/futurnat.net\/ca\/wp-json\/wp\/v2\/posts\/169\/revisions\/173"}],"wp:featuredmedia":[{"embeddable":true,"href":"https:\/\/futurnat.net\/ca\/wp-json\/wp\/v2\/media\/170"}],"wp:attachment":[{"href":"https:\/\/futurnat.net\/ca\/wp-json\/wp\/v2\/media?parent=169"}],"wp:term":[{"taxonomy":"category","embeddable":true,"href":"https:\/\/futurnat.net\/ca\/wp-json\/wp\/v2\/categories?post=169"},{"taxonomy":"post_tag","embeddable":true,"href":"https:\/\/futurnat.net\/ca\/wp-json\/wp\/v2\/tags?post=169"}],"curies":[{"name":"wp","href":"https:\/\/api.w.org\/{rel}","templated":true}]}}